{"id":1983,"date":"2026-01-25T18:26:37","date_gmt":"2026-01-25T16:26:37","guid":{"rendered":"https:\/\/osnabrckerjugendchor-jsbvhc7v3e.live-website.com\/?p=1983"},"modified":"2026-03-26T12:41:27","modified_gmt":"2026-03-26T10:41:27","slug":"sinfoniekonzert","status":"publish","type":"post","link":"https:\/\/os-jugendchor.de\/index.php\/2026\/01\/25\/sinfoniekonzert\/","title":{"rendered":"8. Sinfoniekonzert &#8211; 25\/26"},"content":{"rendered":"\n<div class=\"wp-block-group has-ast-global-color-4-background-color has-background is-vertical is-layout-flex wp-container-core-group-is-layout-8891d704 wp-block-group-is-layout-flex\" style=\"border-top-right-radius:80px;border-bottom-left-radius:80px;margin-top:0;margin-bottom:0;padding-top:var(--wp--preset--spacing--50);padding-right:var(--wp--preset--spacing--50);padding-bottom:var(--wp--preset--spacing--50);padding-left:var(--wp--preset--spacing--50)\">\n<p>20.06.2026, 19:30 Uhr, Hoher Dom zu Osnabr\u00fcck<\/p>\n\n\n\n<p>Mit dem Osnabr\u00fccker Sinfonieorchester, Solisten und dem Domchor f\u00fchren wir das <strong>Requiem op. 9 von Maurice Durufl\u00e9<\/strong> auf.<\/p>\n\n\n\n<p><strong>Ludwig van Beethoven&nbsp;<\/strong><em>Trauermarsch aus Eroica<br><\/em><strong>Richard Strauss&nbsp;<\/strong><em>Sinfonische Metamorphosen<br><\/em><strong>Maurice Durufl\u00e9&nbsp;<\/strong><em>Requiem op. 9<\/em><\/p>\n\n\n\n<p>Solist:innen:&nbsp;<a href=\"https:\/\/www.theater-osnabrueck.de\/ensemble\/musiktheater\/susann-vent-wunderlich\/\">Susann Vent-Wunderlich<\/a>&nbsp;und&nbsp;<a href=\"https:\/\/www.theater-osnabrueck.de\/ensemble\/musiktheater\/jan-friedrich-eggers\/\">Jan-Friedrich Eggers<\/a><br>Dirigent: Christopher Lichtenstein<br>Mit:&nbsp;Osnabr\u00fccker Jugendchor und Domchor<\/p>\n<\/div>\n","protected":false},"excerpt":{"rendered":"<p>20.06.2026, 19:30 Uhr, Hoher Dom zu Osnabr\u00fcck<\/p>\n","protected":false},"author":4,"featured_media":2377,"comment_status":"open","ping_status":"open","sticky":false,"template":"","format":"standard","meta":{"_uag_custom_page_level_css":"","site-sidebar-layout":"default","site-content-layout":"","ast-site-content-layout":"default","site-content-style":"default","site-sidebar-style":"default","ast-global-header-display":"","ast-banner-title-visibility":"","ast-main-header-display":"","ast-hfb-above-header-display":"","ast-hfb-below-header-display":"","ast-hfb-mobile-header-display":"","site-post-title":"","ast-breadcrumbs-content":"","ast-featured-img":"","footer-sml-layout":"","ast-disable-related-posts":"","theme-transparent-header-meta":"","adv-header-id-meta":"","stick-header-meta":"","header-above-stick-meta":"","header-main-stick-meta":"","header-below-stick-meta":"","astra-migrate-meta-layouts":"default","ast-page-background-enabled":"default","ast-page-background-meta":{"desktop":{"background-color":"var(--ast-global-color-5)","background-image":"","background-repeat":"repeat","background-position":"center center","background-size":"auto","background-attachment":"scroll","background-type":"","background-media":"","overlay-type":"","overlay-color":"","overlay-opacity":"","overlay-gradient":""},"tablet":{"background-color":"","background-image":"","background-repeat":"repeat","background-position":"center center","background-size":"auto","background-attachment":"scroll","background-type":"","background-media":"","overlay-type":"","overlay-color":"","overlay-opacity":"","overlay-gradient":""},"mobile":{"background-color":"","background-image":"","background-repeat":"repeat","background-position":"center center","background-size":"auto","background-attachment":"scroll","background-type":"","background-media":"","overlay-type":"","overlay-color":"","overlay-opacity":"","overlay-gradient":""}},"ast-content-background-meta":{"desktop":{"background-color":"var(--ast-global-color-4)","background-image":"","background-repeat":"repeat","background-position":"center center","background-size":"auto","background-attachment":"scroll","background-type":"","background-media":"","overlay-type":"","overlay-color":"","overlay-opacity":"","overlay-gradient":""},"tablet":{"background-color":"var(--ast-global-color-4)","background-image":"","background-repeat":"repeat","background-position":"center center","background-size":"auto","background-attachment":"scroll","background-type":"","background-media":"","overlay-type":"","overlay-color":"","overlay-opacity":"","overlay-gradient":""},"mobile":{"background-color":"var(--ast-global-color-4)","background-image":"","background-repeat":"repeat","background-position":"center center","background-size":"auto","background-attachment":"scroll","background-type":"","background-media":"","overlay-type":"","overlay-color":"","overlay-opacity":"","overlay-gradient":""}},"footnotes":""},"categories":[8],"tags":[],"class_list":["post-1983","post","type-post","status-publish","format-standard","has-post-thumbnail","hentry","category-konzert"],"uagb_featured_image_src":{"full":["https:\/\/os-jugendchor.de\/wp-content\/uploads\/2026\/03\/1_40595298843_f6851f04b7_k_2.jpg",2048,1365,false],"thumbnail":["https:\/\/os-jugendchor.de\/wp-content\/uploads\/2026\/03\/1_40595298843_f6851f04b7_k_2-150x150.jpg",150,150,true],"medium":["https:\/\/os-jugendchor.de\/wp-content\/uploads\/2026\/03\/1_40595298843_f6851f04b7_k_2-300x200.jpg",300,200,true],"medium_large":["https:\/\/os-jugendchor.de\/wp-content\/uploads\/2026\/03\/1_40595298843_f6851f04b7_k_2-768x512.jpg",768,512,true],"large":["https:\/\/os-jugendchor.de\/wp-content\/uploads\/2026\/03\/1_40595298843_f6851f04b7_k_2-1024x683.jpg",1024,683,true],"1536x1536":["https:\/\/os-jugendchor.de\/wp-content\/uploads\/2026\/03\/1_40595298843_f6851f04b7_k_2-1536x1024.jpg",1536,1024,true],"2048x2048":["https:\/\/os-jugendchor.de\/wp-content\/uploads\/2026\/03\/1_40595298843_f6851f04b7_k_2.jpg",2048,1365,false]},"uagb_author_info":{"display_name":"Hanna Dierker","author_link":"https:\/\/os-jugendchor.de\/index.php\/author\/hanna\/"},"uagb_comment_info":0,"uagb_excerpt":"20.06.2026, 19:30 Uhr, Hoher Dom zu Osnabr\u00fcck","_links":{"self":[{"href":"https:\/\/os-jugendchor.de\/index.php\/wp-json\/wp\/v2\/posts\/1983","targetHints":{"allow":["GET"]}}],"collection":[{"href":"https:\/\/os-jugendchor.de\/index.php\/wp-json\/wp\/v2\/posts"}],"about":[{"href":"https:\/\/os-jugendchor.de\/index.php\/wp-json\/wp\/v2\/types\/post"}],"author":[{"embeddable":true,"href":"https:\/\/os-jugendchor.de\/index.php\/wp-json\/wp\/v2\/users\/4"}],"replies":[{"embeddable":true,"href":"https:\/\/os-jugendchor.de\/index.php\/wp-json\/wp\/v2\/comments?post=1983"}],"version-history":[{"count":6,"href":"https:\/\/os-jugendchor.de\/index.php\/wp-json\/wp\/v2\/posts\/1983\/revisions"}],"predecessor-version":[{"id":2450,"href":"https:\/\/os-jugendchor.de\/index.php\/wp-json\/wp\/v2\/posts\/1983\/revisions\/2450"}],"wp:featuredmedia":[{"embeddable":true,"href":"https:\/\/os-jugendchor.de\/index.php\/wp-json\/wp\/v2\/media\/2377"}],"wp:attachment":[{"href":"https:\/\/os-jugendchor.de\/index.php\/wp-json\/wp\/v2\/media?parent=1983"}],"wp:term":[{"taxonomy":"category","embeddable":true,"href":"https:\/\/os-jugendchor.de\/index.php\/wp-json\/wp\/v2\/categories?post=1983"},{"taxonomy":"post_tag","embeddable":true,"href":"https:\/\/os-jugendchor.de\/index.php\/wp-json\/wp\/v2\/tags?post=1983"}],"curies":[{"name":"wp","href":"https:\/\/api.w.org\/{rel}","templated":true}]}}