{"id":1981,"date":"2026-01-25T18:22:31","date_gmt":"2026-01-25T16:22:31","guid":{"rendered":"https:\/\/osnabrckerjugendchor-jsbvhc7v3e.live-website.com\/?p=1981"},"modified":"2026-03-26T12:36:53","modified_gmt":"2026-03-26T10:36:53","slug":"abschlusskonzert-musica-sacra-festival-ii","status":"publish","type":"post","link":"https:\/\/os-jugendchor.de\/index.php\/2026\/01\/25\/abschlusskonzert-musica-sacra-festival-ii\/","title":{"rendered":"Abschlusskonzert Musica Sacra-Festival II"},"content":{"rendered":"\n<div class=\"wp-block-group has-ast-global-color-4-background-color has-background is-vertical is-layout-flex wp-container-core-group-is-layout-8891d704 wp-block-group-is-layout-flex\" style=\"border-top-right-radius:80px;border-bottom-left-radius:80px;margin-top:0;margin-bottom:0;padding-top:var(--wp--preset--spacing--50);padding-right:var(--wp--preset--spacing--50);padding-bottom:var(--wp--preset--spacing--50);padding-left:var(--wp--preset--spacing--50)\">\n<p style=\"border-top-left-radius:0px;border-top-right-radius:0px;border-bottom-left-radius:0px;border-bottom-right-radius:0px;margin-top:0;margin-bottom:0;padding-top:0;padding-right:0;padding-bottom:0;padding-left:0\">31.05.2026, 17:00 Uhr, Apostelkirche M\u00fcnster<\/p>\n\n\n\n<p>Gemeinsam mit der Kantorei an der Apostelkirche und der Nordwestdeutschen Philharmonie, sowie Solisten f\u00fchren wir <strong>Edward Elgar &#8211; The Dream of Gerontius<\/strong> auf.<\/p>\n\n\n\n<p><strong>Edward Elgar: The Dream of Gerontius&nbsp;<\/strong>\u2013&nbsp;Oratorium f\u00fcr Soli, Ch\u00f6re und gro\u00dfes Orchester<\/p>\n\n\n\n<p>Florian Thomas \u2013 Tenor, Caitlin Hulcup \u2013 Mezzosopran, Mathias Hausmann \u2013 Bariton<\/p>\n\n\n\n<p>Kantorei an der Apostelkirche, Osnabr\u00fccker Jugendchor, Nordwestdeutsche Philharmonie<\/p>\n\n\n\n<p>Gesamtleitung: Konrad Paul<\/p>\n\n\n\n<p>Karten zu 27 \u20ac\/ 17 \u20ac ab 18.4.26 &nbsp;<a href=\"http:\/\/tickets.apostel.ms\/\">www.apostelkirchengemeinde-muenster.de<\/a><\/p>\n\n\n\n<p>und im Gemeindeb\u00fcro Bergstr. 36<\/p>\n\n\n\n<p>Restkarten an der Abendkasse<\/p>\n<\/div>\n","protected":false},"excerpt":{"rendered":"<p>31.05.2026, 17:00 Uhr, Apostelkirche M\u00fcnster<\/p>\n","protected":false},"author":4,"featured_media":2372,"comment_status":"open","ping_status":"open","sticky":false,"template":"","format":"standard","meta":{"_uag_custom_page_level_css":"","site-sidebar-layout":"default","site-content-layout":"","ast-site-content-layout":"default","site-content-style":"default","site-sidebar-style":"default","ast-global-header-display":"","ast-banner-title-visibility":"","ast-main-header-display":"","ast-hfb-above-header-display":"","ast-hfb-below-header-display":"","ast-hfb-mobile-header-display":"","site-post-title":"","ast-breadcrumbs-content":"","ast-featured-img":"","footer-sml-layout":"","ast-disable-related-posts":"","theme-transparent-header-meta":"","adv-header-id-meta":"","stick-header-meta":"","header-above-stick-meta":"","header-main-stick-meta":"","header-below-stick-meta":"","astra-migrate-meta-layouts":"default","ast-page-background-enabled":"default","ast-page-background-meta":{"desktop":{"background-color":"var(--ast-global-color-5)","background-image":"","background-repeat":"repeat","background-position":"center center","background-size":"auto","background-attachment":"scroll","background-type":"","background-media":"","overlay-type":"","overlay-color":"","overlay-opacity":"","overlay-gradient":""},"tablet":{"background-color":"","background-image":"","background-repeat":"repeat","background-position":"center center","background-size":"auto","background-attachment":"scroll","background-type":"","background-media":"","overlay-type":"","overlay-color":"","overlay-opacity":"","overlay-gradient":""},"mobile":{"background-color":"","background-image":"","background-repeat":"repeat","background-position":"center center","background-size":"auto","background-attachment":"scroll","background-type":"","background-media":"","overlay-type":"","overlay-color":"","overlay-opacity":"","overlay-gradient":""}},"ast-content-background-meta":{"desktop":{"background-color":"var(--ast-global-color-4)","background-image":"","background-repeat":"repeat","background-position":"center center","background-size":"auto","background-attachment":"scroll","background-type":"","background-media":"","overlay-type":"","overlay-color":"","overlay-opacity":"","overlay-gradient":""},"tablet":{"background-color":"var(--ast-global-color-4)","background-image":"","background-repeat":"repeat","background-position":"center center","background-size":"auto","background-attachment":"scroll","background-type":"","background-media":"","overlay-type":"","overlay-color":"","overlay-opacity":"","overlay-gradient":""},"mobile":{"background-color":"var(--ast-global-color-4)","background-image":"","background-repeat":"repeat","background-position":"center center","background-size":"auto","background-attachment":"scroll","background-type":"","background-media":"","overlay-type":"","overlay-color":"","overlay-opacity":"","overlay-gradient":""}},"footnotes":""},"categories":[8],"tags":[],"class_list":["post-1981","post","type-post","status-publish","format-standard","has-post-thumbnail","hentry","category-konzert"],"uagb_featured_image_src":{"full":["https:\/\/os-jugendchor.de\/wp-content\/uploads\/2026\/03\/1_52588833882_adfd8fed82_k_2.jpg",2048,1365,false],"thumbnail":["https:\/\/os-jugendchor.de\/wp-content\/uploads\/2026\/03\/1_52588833882_adfd8fed82_k_2-150x150.jpg",150,150,true],"medium":["https:\/\/os-jugendchor.de\/wp-content\/uploads\/2026\/03\/1_52588833882_adfd8fed82_k_2-300x200.jpg",300,200,true],"medium_large":["https:\/\/os-jugendchor.de\/wp-content\/uploads\/2026\/03\/1_52588833882_adfd8fed82_k_2-768x512.jpg",768,512,true],"large":["https:\/\/os-jugendchor.de\/wp-content\/uploads\/2026\/03\/1_52588833882_adfd8fed82_k_2-1024x683.jpg",1024,683,true],"1536x1536":["https:\/\/os-jugendchor.de\/wp-content\/uploads\/2026\/03\/1_52588833882_adfd8fed82_k_2-1536x1024.jpg",1536,1024,true],"2048x2048":["https:\/\/os-jugendchor.de\/wp-content\/uploads\/2026\/03\/1_52588833882_adfd8fed82_k_2.jpg",2048,1365,false]},"uagb_author_info":{"display_name":"Hanna Dierker","author_link":"https:\/\/os-jugendchor.de\/index.php\/author\/hanna\/"},"uagb_comment_info":0,"uagb_excerpt":"31.05.2026, 17:00 Uhr, Apostelkirche M\u00fcnster","_links":{"self":[{"href":"https:\/\/os-jugendchor.de\/index.php\/wp-json\/wp\/v2\/posts\/1981","targetHints":{"allow":["GET"]}}],"collection":[{"href":"https:\/\/os-jugendchor.de\/index.php\/wp-json\/wp\/v2\/posts"}],"about":[{"href":"https:\/\/os-jugendchor.de\/index.php\/wp-json\/wp\/v2\/types\/post"}],"author":[{"embeddable":true,"href":"https:\/\/os-jugendchor.de\/index.php\/wp-json\/wp\/v2\/users\/4"}],"replies":[{"embeddable":true,"href":"https:\/\/os-jugendchor.de\/index.php\/wp-json\/wp\/v2\/comments?post=1981"}],"version-history":[{"count":5,"href":"https:\/\/os-jugendchor.de\/index.php\/wp-json\/wp\/v2\/posts\/1981\/revisions"}],"predecessor-version":[{"id":2449,"href":"https:\/\/os-jugendchor.de\/index.php\/wp-json\/wp\/v2\/posts\/1981\/revisions\/2449"}],"wp:featuredmedia":[{"embeddable":true,"href":"https:\/\/os-jugendchor.de\/index.php\/wp-json\/wp\/v2\/media\/2372"}],"wp:attachment":[{"href":"https:\/\/os-jugendchor.de\/index.php\/wp-json\/wp\/v2\/media?parent=1981"}],"wp:term":[{"taxonomy":"category","embeddable":true,"href":"https:\/\/os-jugendchor.de\/index.php\/wp-json\/wp\/v2\/categories?post=1981"},{"taxonomy":"post_tag","embeddable":true,"href":"https:\/\/os-jugendchor.de\/index.php\/wp-json\/wp\/v2\/tags?post=1981"}],"curies":[{"name":"wp","href":"https:\/\/api.w.org\/{rel}","templated":true}]}}